{"id":277,"date":"2012-06-05T05:17:24","date_gmt":"2012-06-05T05:17:24","guid":{"rendered":"https:\/\/anspc.it\/wordpress\/index.php\/2012\/06\/05\/finanza-etica-ed-europa-un-percorso-comune\/"},"modified":"2021-05-21T07:15:37","modified_gmt":"2021-05-21T07:15:37","slug":"finanza-etica-ed-europa-un-percorso-comune","status":"publish","type":"post","link":"https:\/\/anspc.it\/wordpress\/finanza-etica-ed-europa-un-percorso-comune\/","title":{"rendered":"Finanza, Etica ed Europa: un percorso comune"},"content":{"rendered":"<p style=\"text-align: justify; margin-bottom: 0pt;\"><b><span style=\"font-family: 'Verdana','sans-serif'; font-size: 10pt;\">Roma, 31 maggio 2012 &#8211; <\/span><\/b><span style=\"font-family: 'Verdana','sans-serif'; font-size: 10pt;\"> Si \u00e8 tenuto ieri, alle ore 17:00, presso Villa Celimonta, il convegno sul tema: \u201cFinanza, Etica ed Europa: un percorso comune\u201d.<\/span><\/p>\n<p style=\"text-align: justify; margin-bottom: 0pt;\"><span style=\"font-family: 'Verdana','sans-serif'; font-size: 10pt;\">\u00a0<\/span><\/p>\n<p style=\"text-align: justify;\"><span style=\"line-height: 115%; font-family: 'Verdana','sans-serif'; font-size: 10pt;\">Organizzato dalla Fondazione Atlante, in collaborazione con l\u2019Associazione Nazionale per lo Studio dei Problemi del Credito e la Rivista Giuridica Notarilia, l\u2019incontro ha rappresentato un momento di confronto sull\u2019attuale situazione europea, ponendo l\u2019attenzione sul tema dell\u2019etica economica collegata alla finanza.<\/span><\/p>\n<p style=\"text-align: justify;\"><span style=\"line-height: 115%; font-family: 'Verdana','sans-serif'; font-size: 10pt;\">L\u2019incontro si \u00e8 aperto con i saluti del Prof. Franco Salvatori, Presidente della Societ\u00e0 Geografica Italiana la cui sede ha ospitato gli autorevoli relatori intervenuti al meeting.<\/span><\/p>\n<p style=\"text-align: justify;\"><span style=\"line-height: 115%; font-family: 'Verdana','sans-serif'; font-size: 10pt;\">Il Cav. Lav. Prof. Ercole P. Pellican\u00f2, Presidente dell\u2019ANSPC, ha poi dato il benvenuto alla platea citando, tra l\u2019altro, le parole pronunciate dal Governatore della Banca D\u2019Italia, Prof. Ignazio Visco, in occasione della relazione di fine anno,tenuta lo scorso 30 maggio. <\/span><\/p>\n<p style=\"text-align: justify;\"><span style=\"line-height: 115%; font-family: 'Verdana','sans-serif'; font-size: 10pt;\">Nel Suo intervento, il Presidente Pellican\u00f2 ha evidenziato come la visione dei sei Paesi fondatori verso un\u2019Europa unita,si sia progressivamente stemperata, cedendo il posto alla crescita, al miglioramento del tenore di vita, allo sviluppo del Welfare, alla formazione del mercato interno.<\/span><\/p>\n<p style=\"text-align: justify;\"><span style=\"line-height: 115%; font-family: 'Verdana','sans-serif'; font-size: 10pt;\">Fattori certamente importanti, continua il Presidente, ma che non debbono oscurare l\u2019integrazione economica. Bisogna focalizzarsi su un percorso politico in cui l\u2019Euro, senza se e senza ma, rappresenti l\u2019indispensabile cardine di una costruzione europea aggregata e solida.<\/span><\/p>\n<p style=\"text-align: justify;\"><span style=\"line-height: 115%; font-family: 'Verdana','sans-serif'; font-size: 10pt;\">\u00c8 dunque intervenuto il Notaio Antonio Gazzanti Pugliese di Cotrone, Presidente della Fondazione Atlante, che, concentrandosi sull\u2019origine etimologica della parola Europa, ha mostrato l\u2019importanza di un\u2019unita non solo territoriale o di moneta ma anche, e soprattutto, \u201cspirituale\u201d nel senso di sentirsi un solo Paese.<\/span><\/p>\n<p style=\"text-align: justify;\"><span style=\"line-height: 115%; font-family: 'Verdana','sans-serif'; font-size: 10pt;\">Solamente attraverso questa presa di consapevolezza si potranno risolvere le problematiche interne ai singoli Stati.<\/span><\/p>\n<p style=\"text-align: justify;\"><span style=\"line-height: 115%; font-family: 'Verdana','sans-serif'; font-size: 10pt;\">Di seguito, l\u2019 Avv. Nunzio Bevilacqua, Direttore della Rivista Giuridica Notarilia e Vice Presidente della Fondazione Atlante, ha introdotti i lavori soffermandosi sul collegamento esistente tra Finanza &#8211; Europa \u2013 Etica. <\/span><\/p>\n<p style=\"text-align: justify;\"><span style=\"text-decoration: underline;\"><span style=\"line-height: 115%; font-family: 'Verdana','sans-serif'; font-size: 10pt;\">In questo rapporto, la Finanza, quella sana, \u00e8 \u201causilio protesico\u201d indispensabile per un\u2019economia claudicante come quella attuale; l\u2019 Europa diviene una \u201ccasa comune\u201d nella quale auspicare la nascita di un patriottismo europeo, elemento che potr\u00e0 evitare una temuta deriva dell\u2019Unione Europea; l\u2019 Etica, infine, \u00e8 la regola di comportamento basilare per una duratura e prospera convivenza.<\/span><\/span><\/p>\n<p style=\"text-align: justify;\"><span style=\"line-height: 115%; font-family: 'Verdana','sans-serif'; font-size: 10pt;\">L\u2019Europa \u00e8 gi\u00e0 in ritardo nel fare delle scelte che preservino una moneta che, pi\u00f9 che di \u201csterile\u201dsolidit\u00e0, necessiterebbe di \u201cfeconda competitivit\u00e0 commerciale\u201d.<\/span><\/p>\n<p style=\"text-align: justify;\"><span style=\"line-height: 115%; font-family: 'Verdana','sans-serif'; font-size: 10pt;\">La parola \u00e8 poi passata al Prof. Antonio Baldassarre, Pres. Emerito della Corte Costituzionale, che, attraverso un percorso storico dei sistemi economici, ha evidenziato come con l\u2019avvento della globalizzazione l\u2019etica e l\u2019economia abbiano smesso di viaggiare di pari passo, lasciando il posto ad una finanza basata sull\u2019unico \u201cprincipio della scommessa\u201d.<\/span><\/p>\n<p style=\"text-align: justify;\"><span style=\"line-height: 115%; font-family: 'Verdana','sans-serif'; font-size: 10pt;\">Il Prof. Baldassarre sottolinea il necessario ritorno dell\u2019etica a ruolo attivo all\u2019interno del panorama economico e della finanza.<\/span><\/p>\n<p style=\"text-align: justify;\"><span style=\"line-height: 115%; font-family: 'Verdana','sans-serif'; font-size: 10pt;\">\u00c8 poi intervenuto il Cav. Lav. Dott. Giampietro Nattino, Presidente di Banca Finnat, ha specificato che il comportamento economico non pu\u00f2 prescindere dall\u2019etica, debbono essere i principi etici a guidare il cammino finanziario. Ci\u00f2 rappresenta la condizione necessaria alla crescita dell\u2019Europa e dei suoi Paesi.<\/span><\/p>\n<p style=\"text-align: justify;\"><span style=\"line-height: 115%; font-family: 'Verdana','sans-serif'; font-size: 10pt;\">\u00c8 poi intervenuto il Prof. Vincenzo Scotti, Presidente di Link Campus University, il quale si \u00e8 soffermato sull\u2019oblio nel quale si \u00e8 smarrito il sistema politico, non sono italiano ma europeo.<\/span><\/p>\n<p style=\"text-align: justify;\"><span style=\"line-height: 115%; font-family: 'Verdana','sans-serif'; font-size: 10pt;\">In questi anni, abbiamo assistito ad una delegittimazione della politica, intesa come portatrice di valori etici e morali, che ha portato ad una deresponsabilizzazione dei comportamenti politici.<\/span><\/p>\n<p style=\"text-align: justify;\"><span style=\"line-height: 115%; font-family: 'Verdana','sans-serif'; font-size: 10pt;\">Dunque, l\u2019etica deve essere intesa come presa di responsabilit\u00e0 nelle azioni dell\u2019economia e della finanza.<\/span><\/p>\n<p style=\"text-align: justify;\"><span style=\"line-height: 115%; font-family: 'Verdana','sans-serif'; font-size: 10pt;\">La parola \u00e8 passata al Prof. Luigi Cappugi, noto Economista, che ricorda come i principi fondatori dell\u2019Unione Europea siano stati proprio di ordine etico. Essi sono stati poi oscurati dalle debolezze delle politica, cio\u00e8 dalle debolezze umane: il bene personale ha superato il bene comune, divenendo elemento guida delle azioni politiche.<\/span><\/p>\n<p style=\"text-align: justify;\"><span style=\"line-height: 115%; font-family: 'Verdana','sans-serif'; font-size: 10pt;\">Bisogna tornare ad intendere l\u2019etica, ed i comportamenti da essa generati, come centrali nell\u2019agire politico e finanziario.<\/span><\/p>\n<p style=\"text-align: justify;\"><span style=\"line-height: 115%; font-family: 'Verdana','sans-serif'; font-size: 10pt;\">Il Dott. Divo Gronchi, Amministratore Delegato della Cassa di Risparmio di San Miniato, \u00e8 intervenuto in rappresentanza della categoria bancaria specificando come le \u201cimprese bancarie\u201d non posso prescindere da comportamenti assolutamente etici, basati sulla totale trasparenza e chiarezza.<\/span><\/p>\n<p style=\"text-align: justify;\"><span style=\"line-height: 115%; font-family: 'Verdana','sans-serif'; font-size: 10pt;\">Gli Istituti di Credito hanno norme precise a cui dovere sottostare, un atteggiamento che, a volte, pu\u00f2 essere giudicato troppo severo, ma allo stesso tempo necessario ad assicurare la stabilit\u00e0 del credito e, quindi, ad assicurare la crescita generale.<\/span><\/p>\n<p style=\"text-align: justify;\"><span style=\"line-height: 115%; font-family: 'Verdana','sans-serif'; font-size: 10pt;\">Infine, la Prof.ssa Maria Giuseppina Lucia, Ordinario di Geografia Economico-Politica presso l\u2019Universit\u00e0 di Torino, ha introdotto il concetto di Geografia Finanziaria inteso come studio della finanza nelle diverse aree geografiche e teso ad indagare le differenze economiche a livello locale derivate, anche, dai diversi mondi culturali.<\/span><\/p>\n<p><span style=\"line-height: 115%; font-family: 'Verdana','sans-serif'; font-size: 10pt;\">I lavori sono stati moderati dal Dott. Paolo Brocato, Giornalista dell\u2019Osservatore Romano, che ha riportato, tra i presenti in sala, i pensieri di Papa Benedetto XVI, indicando il principio della sana laicit\u00e0 inteso come percorso economico in cui si crei un solo elemento tra finanza ed etica, nel perseguimento del benessere comune.<\/span><\/p>\n<p>&nbsp;<\/p>\n<p><em><span style=\"line-height: 115%; font-family: 'Verdana','sans-serif'; font-size: 10pt;\">\u00a0<\/span><\/em><\/p>\n<table style=\"width: 474px; height: 722px;\" border=\"0\">\n<tbody>\n<tr>\n<td><a class=\"jcepopup\" href=\"https:\/\/anspc.it\/wordpress\/wp-content\/uploads\/2012\/06\/Antonio_Gazzanti_Pugliese_di_CotroneFondazione_Atlante.JPG\" target=\"_blank\" rel=\"Cotrone];width[600] Gazzanti Pugliese di noopener title[Antonio\" type=\"image\"><img loading=\"lazy\" decoding=\"async\" class=\" size-full wp-image-262\" title=\"Antonio Gazzanti Pugliese di Cotrone\" src=\"https:\/\/anspc.it\/wordpress\/wp-content\/uploads\/2012\/06\/Antonio_Gazzanti_Pugliese_di_CotroneFondazione_Atlante.JPG\" alt=\"Antonio Gazzanti_Pugliese_di_CotroneFondazione_Atlante\" width=\"124\" height=\"114\" \/><\/a><\/td>\n<td><a class=\"jcepopup\" href=\"https:\/\/anspc.it\/wordpress\/wp-content\/uploads\/2012\/06\/Ercole_Pietro_Pellican.JPG\" target=\"_blank\" rel=\"P. Pellican\u00f2];width[600] noopener title[Ercole\" type=\"image\"><img loading=\"lazy\" decoding=\"async\" class=\" size-full wp-image-263\" src=\"https:\/\/anspc.it\/wordpress\/wp-content\/uploads\/2012\/06\/Ercole_Pietro_Pellican.JPG\" alt=\"Ercole Pietro_Pellican\" width=\"102\" height=\"124\" srcset=\"https:\/\/anspc.it\/wordpress\/wp-content\/uploads\/2012\/06\/Ercole_Pietro_Pellican.JPG 400w, https:\/\/anspc.it\/wordpress\/wp-content\/uploads\/2012\/06\/Ercole_Pietro_Pellican-247x300.jpg 247w\" sizes=\"auto, (max-width: 102px) 100vw, 102px\" \/><\/a><\/td>\n<td><a class=\"jcepopup\" href=\"https:\/\/anspc.it\/wordpress\/wp-content\/uploads\/2012\/06\/Nunzio_Bevilacqua.JPG\" target=\"_blank\" rel=\"Bevilacqua];width[600] noopener title[Nunzio\" type=\"image\"><img loading=\"lazy\" decoding=\"async\" class=\" size-full wp-image-264\" src=\"https:\/\/anspc.it\/wordpress\/wp-content\/uploads\/2012\/06\/Nunzio_Bevilacqua.JPG\" alt=\"Nunzio Bevilacqua\" width=\"124\" height=\"114\" \/><\/a><\/td>\n<td><\/td>\n<td><\/td>\n<\/tr>\n<tr>\n<td><a class=\"jcepopup\" href=\"https:\/\/anspc.it\/wordpress\/wp-content\/uploads\/2012\/06\/Divo_Gronchi.JPG\" target=\"_blank\" rel=\"Gronchi];width[600] noopener title[Divo\" type=\"image\"><img loading=\"lazy\" decoding=\"async\" class=\" size-full wp-image-265\" src=\"https:\/\/anspc.it\/wordpress\/wp-content\/uploads\/2012\/06\/Divo_Gronchi.JPG\" alt=\"Divo Gronchi\" width=\"116\" height=\"136\" \/><\/a><\/td>\n<td><a class=\"jcepopup\" href=\"https:\/\/anspc.it\/wordpress\/wp-content\/uploads\/2012\/06\/Nunzio_BevilacquaGazzanti_PuglieseGiampietro_NattinoPaolo_BrocatoAntonio_Baldassarre.JPG\" target=\"_blank\" rel=\"noopener width[600]\"><img loading=\"lazy\" decoding=\"async\" class=\" size-full wp-image-266\" src=\"https:\/\/anspc.it\/wordpress\/wp-content\/uploads\/2012\/06\/Nunzio_BevilacquaGazzanti_PuglieseGiampietro_NattinoPaolo_BrocatoAntonio_Baldassarre.JPG\" alt=\"Nunzio BevilacquaGazzanti_PuglieseGiampietro_NattinoPaolo_BrocatoAntonio_Baldassarre\" width=\"162\" height=\"108\" srcset=\"https:\/\/anspc.it\/wordpress\/wp-content\/uploads\/2012\/06\/Nunzio_BevilacquaGazzanti_PuglieseGiampietro_NattinoPaolo_BrocatoAntonio_Baldassarre.JPG 600w, https:\/\/anspc.it\/wordpress\/wp-content\/uploads\/2012\/06\/Nunzio_BevilacquaGazzanti_PuglieseGiampietro_NattinoPaolo_BrocatoAntonio_Baldassarre-300x200.jpg 300w\" sizes=\"auto, (max-width: 162px) 100vw, 162px\" \/><\/a><\/td>\n<td><a class=\"jcepopup\" href=\"https:\/\/anspc.it\/wordpress\/wp-content\/uploads\/2012\/06\/Giampietro_Nattino.JPG\" target=\"_blank\" rel=\"Nattino];width[600] noopener title[Giampietro\" type=\"image\"><img loading=\"lazy\" decoding=\"async\" class=\" size-full wp-image-267\" src=\"https:\/\/anspc.it\/wordpress\/wp-content\/uploads\/2012\/06\/Giampietro_Nattino.JPG\" alt=\"Giampietro Nattino\" width=\"102\" height=\"147\" srcset=\"https:\/\/anspc.it\/wordpress\/wp-content\/uploads\/2012\/06\/Giampietro_Nattino.JPG 400w, https:\/\/anspc.it\/wordpress\/wp-content\/uploads\/2012\/06\/Giampietro_Nattino-208x300.jpg 208w\" sizes=\"auto, (max-width: 102px) 100vw, 102px\" \/><\/a><\/td>\n<td><\/td>\n<td><\/td>\n<\/tr>\n<tr>\n<td><a class=\"jcepopup\" href=\"https:\/\/anspc.it\/wordpress\/wp-content\/uploads\/2012\/06\/Antonio_Baldassarre.JPG\" target=\"_blank\" rel=\"Baldassarre];width[600] noopener title[Antonio\" type=\"image\"><img loading=\"lazy\" decoding=\"async\" class=\" size-full wp-image-268\" src=\"https:\/\/anspc.it\/wordpress\/wp-content\/uploads\/2012\/06\/Antonio_Baldassarre.JPG\" alt=\"Antonio Baldassarre\" width=\"144\" height=\"116\" \/><\/a><\/td>\n<td><a class=\"jcepopup\" href=\"https:\/\/anspc.it\/wordpress\/wp-content\/uploads\/2012\/06\/Fondazione_Atlante.JPG\" target=\"_blank\" rel=\"noopener width[600]\"><img loading=\"lazy\" decoding=\"async\" class=\" size-full wp-image-269\" src=\"https:\/\/anspc.it\/wordpress\/wp-content\/uploads\/2012\/06\/Fondazione_Atlante.JPG\" alt=\"Fondazione Atlante\" width=\"162\" height=\"108\" srcset=\"https:\/\/anspc.it\/wordpress\/wp-content\/uploads\/2012\/06\/Fondazione_Atlante.JPG 600w, https:\/\/anspc.it\/wordpress\/wp-content\/uploads\/2012\/06\/Fondazione_Atlante-300x200.jpg 300w\" sizes=\"auto, (max-width: 162px) 100vw, 162px\" \/><\/a><\/td>\n<td><a class=\"jcepopup\" href=\"https:\/\/anspc.it\/wordpress\/wp-content\/uploads\/2012\/06\/Luigi_Cappugi.JPG\" target=\"_blank\" rel=\"Cappugi];width[600] noopener title[Luigi\" type=\"image\"><img loading=\"lazy\" decoding=\"async\" class=\" size-full wp-image-270\" src=\"https:\/\/anspc.it\/wordpress\/wp-content\/uploads\/2012\/06\/Luigi_Cappugi.JPG\" alt=\"Luigi Cappugi\" width=\"102\" height=\"135\" srcset=\"https:\/\/anspc.it\/wordpress\/wp-content\/uploads\/2012\/06\/Luigi_Cappugi.JPG 400w, https:\/\/anspc.it\/wordpress\/wp-content\/uploads\/2012\/06\/Luigi_Cappugi-226x300.jpg 226w\" sizes=\"auto, (max-width: 102px) 100vw, 102px\" \/><\/a><\/td>\n<td><\/td>\n<td><\/td>\n<\/tr>\n<tr>\n<td><a class=\"jcepopup\" href=\"https:\/\/anspc.it\/wordpress\/wp-content\/uploads\/2012\/06\/Divo_Gronchi_Luigi_Cappugi_Angelo_Giuliani_Alfonso_Pecoraro_Scanio.JPG\" target=\"_blank\" rel=\"noopener width[600]\"><img loading=\"lazy\" decoding=\"async\" class=\" size-full wp-image-271\" src=\"https:\/\/anspc.it\/wordpress\/wp-content\/uploads\/2012\/06\/Divo_Gronchi_Luigi_Cappugi_Angelo_Giuliani_Alfonso_Pecoraro_Scanio.JPG\" alt=\"Divo Gronchi_Luigi_Cappugi_Angelo_Giuliani_Alfonso_Pecoraro_Scanio\" width=\"162\" height=\"108\" srcset=\"https:\/\/anspc.it\/wordpress\/wp-content\/uploads\/2012\/06\/Divo_Gronchi_Luigi_Cappugi_Angelo_Giuliani_Alfonso_Pecoraro_Scanio.JPG 600w, https:\/\/anspc.it\/wordpress\/wp-content\/uploads\/2012\/06\/Divo_Gronchi_Luigi_Cappugi_Angelo_Giuliani_Alfonso_Pecoraro_Scanio-300x200.jpg 300w\" sizes=\"auto, (max-width: 162px) 100vw, 162px\" \/><\/a><\/td>\n<td><a class=\"jcepopup\" href=\"https:\/\/anspc.it\/wordpress\/wp-content\/uploads\/2012\/06\/Federico_Grazioli.JPG\" target=\"_blank\" rel=\"noopener width[600]\"><img loading=\"lazy\" decoding=\"async\" class=\" size-full wp-image-272\" src=\"https:\/\/anspc.it\/wordpress\/wp-content\/uploads\/2012\/06\/Federico_Grazioli.JPG\" alt=\"Federico Grazioli\" width=\"162\" height=\"133\" srcset=\"https:\/\/anspc.it\/wordpress\/wp-content\/uploads\/2012\/06\/Federico_Grazioli.JPG 600w, https:\/\/anspc.it\/wordpress\/wp-content\/uploads\/2012\/06\/Federico_Grazioli-300x246.jpg 300w\" sizes=\"auto, (max-width: 162px) 100vw, 162px\" \/><\/a><\/td>\n<td><a class=\"jcepopup\" href=\"https:\/\/anspc.it\/wordpress\/wp-content\/uploads\/2012\/06\/Angelo_GiulianiNunzio_Bevilacqua.JPG\" target=\"_blank\" rel=\"Bevilacqua];width[600] Giuliani, Nunzio noopener title[Angelo\" type=\"image\"><img loading=\"lazy\" decoding=\"async\" class=\" size-full wp-image-273\" src=\"https:\/\/anspc.it\/wordpress\/wp-content\/uploads\/2012\/06\/Angelo_GiulianiNunzio_Bevilacqua.JPG\" alt=\"Angelo GiulianiNunzio_Bevilacqua\" width=\"131\" height=\"119\" \/><\/a><\/td>\n<td><\/td>\n<td><\/td>\n<\/tr>\n<tr>\n<td><a class=\"jcepopup\" href=\"https:\/\/anspc.it\/wordpress\/wp-content\/uploads\/2012\/06\/Vincenzo_ScottiAndrea_MonorchioErcole_Pietro_PellicanNunzio_Bevilacqua.JPG\" target=\"_blank\" rel=\"Andrea Bevilacqua];width[600] Ercole Monorchio, Nunzio P. Pellican\u00f2, Scotti, noopener title[Vincenzo\" type=\"image\"><img loading=\"lazy\" decoding=\"async\" class=\" size-full wp-image-274\" src=\"https:\/\/anspc.it\/wordpress\/wp-content\/uploads\/2012\/06\/Vincenzo_ScottiAndrea_MonorchioErcole_Pietro_PellicanNunzio_Bevilacqua.JPG\" alt=\"Vincenzo ScottiAndrea_MonorchioErcole_Pietro_PellicanNunzio_Bevilacqua\" width=\"162\" height=\"136\" srcset=\"https:\/\/anspc.it\/wordpress\/wp-content\/uploads\/2012\/06\/Vincenzo_ScottiAndrea_MonorchioErcole_Pietro_PellicanNunzio_Bevilacqua.JPG 600w, https:\/\/anspc.it\/wordpress\/wp-content\/uploads\/2012\/06\/Vincenzo_ScottiAndrea_MonorchioErcole_Pietro_PellicanNunzio_Bevilacqua-300x252.jpg 300w\" sizes=\"auto, (max-width: 162px) 100vw, 162px\" \/><\/a><\/td>\n<td><a class=\"jcepopup\" href=\"https:\/\/anspc.it\/wordpress\/wp-content\/uploads\/2012\/06\/Luigi_CappugiDivo_GronchiNunzio_Bevilacqua.JPG\" target=\"_blank\" rel=\"Bevilacqua];width[600] Cappugi, Divo Gronghi, Nunzio noopener title[Luigi\" type=\"image\"><img loading=\"lazy\" decoding=\"async\" class=\" size-full wp-image-275\" src=\"https:\/\/anspc.it\/wordpress\/wp-content\/uploads\/2012\/06\/Luigi_CappugiDivo_GronchiNunzio_Bevilacqua.JPG\" alt=\"Luigi CappugiDivo_GronchiNunzio_Bevilacqua\" width=\"162\" height=\"108\" srcset=\"https:\/\/anspc.it\/wordpress\/wp-content\/uploads\/2012\/06\/Luigi_CappugiDivo_GronchiNunzio_Bevilacqua.JPG 600w, https:\/\/anspc.it\/wordpress\/wp-content\/uploads\/2012\/06\/Luigi_CappugiDivo_GronchiNunzio_Bevilacqua-300x200.jpg 300w\" sizes=\"auto, (max-width: 162px) 100vw, 162px\" \/><\/a><\/td>\n<td><a class=\"jcepopup\" href=\"https:\/\/anspc.it\/wordpress\/wp-content\/uploads\/2012\/06\/Paolo_BrocatoNunzio_BevilacquaGazzanti_Pugliese.JPG\" target=\"_blank\" rel=\"Bevilacqua];width[600] Brocato, Cotrone, Gazzanti Nunzio Paolo Pugliese di noopener title[Antonio\" type=\"image\"><img loading=\"lazy\" decoding=\"async\" class=\" size-full wp-image-276\" src=\"https:\/\/anspc.it\/wordpress\/wp-content\/uploads\/2012\/06\/Paolo_BrocatoNunzio_BevilacquaGazzanti_Pugliese.JPG\" alt=\"Paolo BrocatoNunzio_BevilacquaGazzanti_Pugliese\" width=\"127\" height=\"108\" \/><\/a><\/td>\n<td><\/td>\n<td><\/td>\n<\/tr>\n<\/tbody>\n<\/table>\n<p><span style=\"line-height: 115%; font-family: 'Verdana','sans-serif'; font-size: 10pt;\">\u00a0<\/span><\/p>\n<p>&nbsp;<\/p>\n<p>&nbsp;<\/p>\n<p>&nbsp;<\/p>\n","protected":false},"excerpt":{"rendered":"<p>Roma, 31 maggio 2012 &#8211; Si \u00e8 tenuto ieri, alle ore 17:00, presso Villa Celimonta, il convegno sul tema: \u201cFinanza, Etica ed Europa: un percorso comune\u201d. \u00a0 Organizzato dalla Fondazione Atlante, in collaborazione con l\u2019Associazione Nazionale per lo Studio dei Problemi del Credito e la Rivista Giuridica Notarilia, l\u2019incontro ha rappresentato un momento di confronto [&hellip;]<\/p>\n","protected":false},"author":2,"featured_media":261,"comment_status":"closed","ping_status":"closed","sticky":false,"template":"","format":"standard","meta":{"site-sidebar-layout":"default","site-content-layout":"default","ast-site-content-layout":"default","site-content-style":"default","site-sidebar-style":"default","ast-global-header-display":"","ast-banner-title-visibility":"","ast-main-header-display":"","ast-hfb-above-header-display":"","ast-hfb-below-header-display":"","ast-hfb-mobile-header-display":"","site-post-title":"","ast-breadcrumbs-content":"","ast-featured-img":"","footer-sml-layout":"","ast-disable-related-posts":"","theme-transparent-header-meta":"default","adv-header-id-meta":"","stick-header-meta":"","header-above-stick-meta":"","header-main-stick-meta":"","header-below-stick-meta":"","astra-migrate-meta-layouts":"default","ast-page-background-enabled":"default","ast-page-background-meta":{"desktop":{"background-color":"","background-image":"","background-repeat":"repeat","background-position":"center center","background-size":"auto","background-attachment":"scroll","background-type":"","background-media":"","overlay-type":"","overlay-color":"","overlay-opacity":"","overlay-gradient":""},"tablet":{"background-color":"","background-image":"","background-repeat":"repeat","background-position":"center center","background-size":"auto","background-attachment":"scroll","background-type":"","background-media":"","overlay-type":"","overlay-color":"","overlay-opacity":"","overlay-gradient":""},"mobile":{"background-color":"","background-image":"","background-repeat":"repeat","background-position":"center center","background-size":"auto","background-attachment":"scroll","background-type":"","background-media":"","overlay-type":"","overlay-color":"","overlay-opacity":"","overlay-gradient":""}},"ast-content-background-meta":{"desktop":{"background-color":"var(--ast-global-color-5)","background-image":"","background-repeat":"repeat","background-position":"center center","background-size":"auto","background-attachment":"scroll","background-type":"","background-media":"","overlay-type":"","overlay-color":"","overlay-opacity":"","overlay-gradient":""},"tablet":{"background-color":"var(--ast-global-color-5)","background-image":"","background-repeat":"repeat","background-position":"center center","background-size":"auto","background-attachment":"scroll","background-type":"","background-media":"","overlay-type":"","overlay-color":"","overlay-opacity":"","overlay-gradient":""},"mobile":{"background-color":"var(--ast-global-color-5)","background-image":"","background-repeat":"repeat","background-position":"center center","background-size":"auto","background-attachment":"scroll","background-type":"","background-media":"","overlay-type":"","overlay-color":"","overlay-opacity":"","overlay-gradient":""}},"footnotes":""},"categories":[13],"tags":[],"class_list":["post-277","post","type-post","status-publish","format-standard","has-post-thumbnail","hentry","category-archivio-convegni"],"_links":{"self":[{"href":"https:\/\/anspc.it\/wordpress\/wp-json\/wp\/v2\/posts\/277","targetHints":{"allow":["GET"]}}],"collection":[{"href":"https:\/\/anspc.it\/wordpress\/wp-json\/wp\/v2\/posts"}],"about":[{"href":"https:\/\/anspc.it\/wordpress\/wp-json\/wp\/v2\/types\/post"}],"author":[{"embeddable":true,"href":"https:\/\/anspc.it\/wordpress\/wp-json\/wp\/v2\/users\/2"}],"replies":[{"embeddable":true,"href":"https:\/\/anspc.it\/wordpress\/wp-json\/wp\/v2\/comments?post=277"}],"version-history":[{"count":1,"href":"https:\/\/anspc.it\/wordpress\/wp-json\/wp\/v2\/posts\/277\/revisions"}],"predecessor-version":[{"id":706,"href":"https:\/\/anspc.it\/wordpress\/wp-json\/wp\/v2\/posts\/277\/revisions\/706"}],"wp:featuredmedia":[{"embeddable":true,"href":"https:\/\/anspc.it\/wordpress\/wp-json\/wp\/v2\/media\/261"}],"wp:attachment":[{"href":"https:\/\/anspc.it\/wordpress\/wp-json\/wp\/v2\/media?parent=277"}],"wp:term":[{"taxonomy":"category","embeddable":true,"href":"https:\/\/anspc.it\/wordpress\/wp-json\/wp\/v2\/categories?post=277"},{"taxonomy":"post_tag","embeddable":true,"href":"https:\/\/anspc.it\/wordpress\/wp-json\/wp\/v2\/tags?post=277"}],"curies":[{"name":"wp","href":"https:\/\/api.w.org\/{rel}","templated":true}]}}